{"id":240467,"date":"2025-01-30T15:24:47","date_gmt":"2025-01-30T14:24:47","guid":{"rendered":"https:\/\/www.ideji.be\/asbl2021\/?p=240467"},"modified":"2025-04-17T11:54:33","modified_gmt":"2025-04-17T09:54:33","slug":"assowomen-fr","status":"publish","type":"post","link":"https:\/\/www.ideji.be\/asbl2021\/2025\/01\/30\/assowomen-fr\/","title":{"rendered":"Assowomen FR"},"content":{"rendered":"<p>[et_pb_section fb_built=\u00a0\u00bb1&Prime; _builder_version=\u00a0\u00bb4.8.2&Prime; _module_preset=\u00a0\u00bbdefault\u00a0\u00bb custom_padding=\u00a0\u00bb0px||17px||false|false\u00a0\u00bb][et_pb_row _builder_version=\u00a0\u00bb4.8.2&Prime; _module_preset=\u00a0\u00bbdefault\u00a0\u00bb custom_padding=\u00a0\u00bb||0px||false|false\u00a0\u00bb][et_pb_column type=\u00a0\u00bb4_4&Prime; _builder_version=\u00a0\u00bb4.8.2&Prime; _module_preset=\u00a0\u00bbdefault\u00a0\u00bb][et_pb_blurb title=\u00a0\u00bbASSOWOMEN\u00a0\u00bb icon_placement=\u00a0\u00bbleft\u00a0\u00bb image_max_width=\u00a0\u00bb49%\u00a0\u00bb content_max_width=\u00a0\u00bb1100px\u00a0\u00bb content_max_width_tablet=\u00a0\u00bb\u00a0\u00bb content_max_width_phone=\u00a0\u00bb303px\u00a0\u00bb content_max_width_last_edited=\u00a0\u00bbon|phone\u00a0\u00bb module_id=\u00a0\u00bbhaut\u00a0\u00bb _builder_version=\u00a0\u00bb4.8.2&Prime; _module_preset=\u00a0\u00bbdefault\u00a0\u00bb header_level=\u00a0\u00bbh1&Prime; header_text_align=\u00a0\u00bbcenter\u00a0\u00bb header_text_color=\u00a0\u00bb#035D6D\u00a0\u00bb header_font_size=\u00a0\u00bb32px\u00a0\u00bb body_text_align=\u00a0\u00bbcenter\u00a0\u00bb body_text_color=\u00a0\u00bb#000000&Prime; body_font_size=\u00a0\u00bb1px\u00a0\u00bb module_alignment=\u00a0\u00bbcenter\u00a0\u00bb custom_margin=\u00a0\u00bb||13px|||\u00a0\u00bb custom_padding=\u00a0\u00bb0px|0px|0px|0px|true|false\u00a0\u00bb header_font_size_tablet=\u00a0\u00bb\u00a0\u00bb header_font_size_phone=\u00a0\u00bb\u00a0\u00bb header_font_size_last_edited=\u00a0\u00bbon|desktop\u00a0\u00bb custom_css_blurb_title=\u00a0\u00bbmargin-top:3px\u00a0\u00bb][\/et_pb_blurb][et_pb_text _builder_version=\u00a0\u00bb4.8.2&Prime; _module_preset=\u00a0\u00bbdefault\u00a0\u00bb text_font_size=\u00a0\u00bb20px\u00a0\u00bb text_line_height=\u00a0\u00bb1.1em\u00a0\u00bb]<\/p>\n<h3 style=\"text-align: center;\">THE NEW PROJECT<\/h3>\n<p>[\/et_pb_text][et_pb_divider color=\u00a0\u00bb#F6A53E\u00a0\u00bb divider_weight=\u00a0\u00bb10px\u00a0\u00bb _builder_version=\u00a0\u00bb4.8.2&Prime; _module_preset=\u00a0\u00bbdefault\u00a0\u00bb custom_margin=\u00a0\u00bb||9px|||\u00a0\u00bb custom_padding=\u00a0\u00bb0px|||||\u00a0\u00bb][\/et_pb_divider][et_pb_code _builder_version=\u00a0\u00bb4.8.2&Prime; _module_preset=\u00a0\u00bbdefault\u00a0\u00bb]<\/p>\n<style><!-- [et_pb_line_break_holder] -->li {<!-- [et_pb_line_break_holder] -->margin-left: 20px;<!-- [et_pb_line_break_holder] -->}<!-- [et_pb_line_break_holder] -->  p { <!-- [et_pb_line_break_holder] -->  font-weight:400;}<!-- [et_pb_line_break_holder] --><\/style>\n<p><!-- [et_pb_line_break_holder] -->[\/et_pb_code][\/et_pb_column][\/et_pb_row][\/et_pb_section][et_pb_section fb_built=\u00a0\u00bb1&Prime; _builder_version=\u00a0\u00bb4.8.2&Prime; _module_preset=\u00a0\u00bbdefault\u00a0\u00bb custom_padding=\u00a0\u00bb0px||||false|false\u00a0\u00bb][et_pb_row column_structure=\u00a0\u00bb1_2,1_2&Prime; make_equal=\u00a0\u00bbon\u00a0\u00bb _builder_version=\u00a0\u00bb4.8.2&Prime; _module_preset=\u00a0\u00bbdefault\u00a0\u00bb custom_padding=\u00a0\u00bb0px||||false|false\u00a0\u00bb][et_pb_column type=\u00a0\u00bb1_2&Prime; _builder_version=\u00a0\u00bb4.8.2&Prime; _module_preset=\u00a0\u00bbdefault\u00a0\u00bb][et_pb_text _builder_version=\u00a0\u00bb4.8.2&Prime; _module_preset=\u00a0\u00bbdefault\u00a0\u00bb text_font=\u00a0\u00bb|300|||||||\u00a0\u00bb text_text_color=\u00a0\u00bb#000000&Prime; text_font_size=\u00a0\u00bb19px\u00a0\u00bb ul_font=\u00a0\u00bb|300|||||||\u00a0\u00bb ul_text_align=\u00a0\u00bbleft\u00a0\u00bb]<\/p>\n<p>Ideji propose la deuxi\u00e8me \u00e9dition de son projet \u00ab\u00a0Assowomen\u00a0\u00bb avec le soutien de la r\u00e9gion de Bruxelles-Capitale et la Shifting Economy.<\/p>\n<p>Le projet vise \u00e0 faciliter l\u2019entrepreneuriat aux femmes dans le secteur associatif. En effet, ideji est une structure sp\u00e9cialis\u00e9e dans les ASBL, AISBL et fondations. Elle partage, informe et forme r\u00e9guli\u00e8rement aux nouveaut\u00e9s du secteur associatif.<\/p>\n<p>L&rsquo;approche qui est propos\u00e9e aux entrepreneuses est globale. Elle aborde toutes les facettes de l&rsquo;ASBL.<\/p>\n<p><span style=\"color: #000000;\">Le projet se d\u00e9roule en plusieurs phases :<\/span><\/p>\n<ol>\n<li><span style=\"color: #000000;\">Une s\u00e9ance d\u2019information<\/span><\/li>\n<li><span style=\"color: #000000;\">Un formulaire de candidature \u00e0 introduire et un entretien oral individuel<\/span><\/li>\n<li><span style=\"color: #000000;\">La s\u00e9lection des candidates<\/span><\/li>\n<li><span style=\"color: #000000;\">Le programme pour les personnes s\u00e9lectionn\u00e9es comprenant\u00a0: les journ\u00e9es de formations, les coachings, demi-journ\u00e9es de travail et t\u00e9moignages.<\/span><span style=\"color: #000000;\"><\/span><\/li>\n<\/ol>\n<p><span style=\"color: #000000;\">Ouvrez chacun des onglets, ci-dessous, pour connaitre les dates et modalit\u00e9s relatives \u00e0 chacune des \u00e9tapes.\u00a0<\/span><\/p>\n<p>[\/et_pb_text][\/et_pb_column][et_pb_column type=\u00a0\u00bb1_2&Prime; _builder_version=\u00a0\u00bb4.8.2&Prime; _module_preset=\u00a0\u00bbdefault\u00a0\u00bb][et_pb_image src=\u00a0\u00bbhttps:\/\/www.ideji.be\/asbl2021\/wp-content\/uploads\/2021\/03\/1.png\u00a0\u00bb title_text=\u00a0\u00bb1&Prime; _builder_version=\u00a0\u00bb4.8.2&Prime; _module_preset=\u00a0\u00bbdefault\u00a0\u00bb custom_margin=\u00a0\u00bb|||60px|false|false\u00a0\u00bb custom_padding=\u00a0\u00bb|||0px||\u00a0\u00bb][\/et_pb_image][\/et_pb_column][\/et_pb_row][et_pb_row _builder_version=\u00a0\u00bb4.8.2&Prime; _module_preset=\u00a0\u00bbdefault\u00a0\u00bb custom_padding=\u00a0\u00bb0px||||false|false\u00a0\u00bb][et_pb_column type=\u00a0\u00bb4_4&Prime; _builder_version=\u00a0\u00bb4.8.2&Prime; _module_preset=\u00a0\u00bbdefault\u00a0\u00bb][et_pb_toggle title=\u00a0\u00bb1. S\u00e9ance d&rsquo;information\u00a0\u00bb open_toggle_background_color=\u00a0\u00bb#FFFFFF\u00a0\u00bb closed_toggle_background_color=\u00a0\u00bb#FFFFFF\u00a0\u00bb _builder_version=\u00a0\u00bb4.8.2&Prime; _module_preset=\u00a0\u00bbdefault\u00a0\u00bb body_font=\u00a0\u00bb||||||||\u00a0\u00bb body_text_color=\u00a0\u00bb#000000&Prime; body_font_size=\u00a0\u00bb16px\u00a0\u00bb border_color_all=\u00a0\u00bb#000000&Prime; box_shadow_style=\u00a0\u00bbpreset4&Prime; box_shadow_color=\u00a0\u00bb#035D6D\u00a0\u00bb]<\/p>\n<p>Que vous ayez d\u00e9j\u00e0 ou non compl\u00e9t\u00e9 le formulaire d\u2019inscription, une s\u00e9ance d\u2019information aura lieu le 18 f\u00e9vrier 2025 pour vous permettre de poser toutes vos questions et obtenir des pr\u00e9cisons. La participation \u00e0 cette r\u00e9union n\u2019implique aucun engagement de votre part.<\/p>\n<p><a href=\"https:\/\/forms.gle\/aQpsEUtsoSSwWb1JA\">Cliquez ici<\/a> pour vous y inscrire.<\/p>\n<p>[\/et_pb_toggle][et_pb_toggle title=\u00a0\u00bb2. Formulaire de candidature, dossier complet  et entretien oral individuel\u00a0\u00bb open_toggle_background_color=\u00a0\u00bb#FFFFFF\u00a0\u00bb closed_toggle_background_color=\u00a0\u00bb#FFFFFF\u00a0\u00bb _builder_version=\u00a0\u00bb4.8.2&Prime; _module_preset=\u00a0\u00bbdefault\u00a0\u00bb body_font=\u00a0\u00bb||||||||\u00a0\u00bb body_text_color=\u00a0\u00bb#000000&Prime; body_font_size=\u00a0\u00bb16px\u00a0\u00bb hover_enabled=\u00a0\u00bb0&Prime; border_color_all=\u00a0\u00bb#000000&Prime; box_shadow_style=\u00a0\u00bbpreset4&Prime; box_shadow_color=\u00a0\u00bb#035D6D\u00a0\u00bb sticky_enabled=\u00a0\u00bb0&Prime;]<\/p>\n<p>Pour introduire votre candidature pour le projet \u00ab\u00a0Assowomen\u00a0\u00bb, vous devez compl\u00e9ter le formulaire d\u2019inscription disponible d\u00e8s \u00e0 pr\u00e9sent et jusqu\u2019au 05 mars \u00e0 18h. <a href=\"https:\/\/forms.gle\/c7Du333dxT1DwKUAA\">Cliquez ici pour y acc\u00e9der.<\/a><\/p>\n<p>Apr\u00e8s avoir compl\u00e9t\u00e9 le formulaire de candidature, vous serez re\u00e7ue pour expliquer oralement votre projet et \u00e9valuer sa faisabilit\u00e9 sous la forme d\u2019ASBL au regard des crit\u00e8res de s\u00e9lection \u00e9nonc\u00e9s et de votre dossier de candidature qu\u2019il faudra nous communiquer \u00e0 ce moment-l\u00e0.<br \/> Attention: seuls les dossiers complets seront analys\u00e9s.<\/p>\n<p>Mais rassurez-vous, nous attendons de vous des \u00e9bauches de documetns \u00e0 travailler durant le programme et non des documents finalis\u00e9s parfaitement.\u00a0<\/p>\n<p>Davantage de pr\u00e9cisions vous seront fournies lors de la s\u00e9ance d\u2019information.<br \/> La date exacte ainsi que votre horaire de passage vous serons transmis par mail.<\/p>\n<p>[\/et_pb_toggle][et_pb_toggle title=\u00a0\u00bb3. S\u00e9lection des projets\u00a0\u00bb open_toggle_background_color=\u00a0\u00bb#FFFFFF\u00a0\u00bb closed_toggle_background_color=\u00a0\u00bb#FFFFFF\u00a0\u00bb _builder_version=\u00a0\u00bb4.8.2&Prime; _module_preset=\u00a0\u00bbdefault\u00a0\u00bb body_font=\u00a0\u00bb||||||||\u00a0\u00bb body_text_color=\u00a0\u00bb#000000&Prime; body_font_size=\u00a0\u00bb16px\u00a0\u00bb border_color_all=\u00a0\u00bb#000000&Prime; box_shadow_style=\u00a0\u00bbpreset4&Prime; box_shadow_color=\u00a0\u00bb#035D6D\u00a0\u00bb]<\/p>\n<p>A l\u2019issue des entretiens, 15 projets seront retenus. Un mail vous sera adress\u00e9 dans la semaine qui suit votre entretien afin de vous indiquer si votre projet fait ou non partie de la s\u00e9lection.<\/p>\n<p>[\/et_pb_toggle][et_pb_toggle title=\u00a0\u00bb4. Programme de l&rsquo;accompagnement\u00a0\u00bb open_toggle_background_color=\u00a0\u00bb#FFFFFF\u00a0\u00bb closed_toggle_background_color=\u00a0\u00bb#FFFFFF\u00a0\u00bb _builder_version=\u00a0\u00bb4.8.2&Prime; _module_preset=\u00a0\u00bbdefault\u00a0\u00bb body_font=\u00a0\u00bb|300|||||||\u00a0\u00bb body_text_color=\u00a0\u00bb#000000&Prime; body_font_size=\u00a0\u00bb16px\u00a0\u00bb body_ol_font=\u00a0\u00bb||||||||\u00a0\u00bb border_color_all=\u00a0\u00bb#000000&Prime; box_shadow_style=\u00a0\u00bbpreset4&Prime; box_shadow_color=\u00a0\u00bb#035D6D\u00a0\u00bb]<\/p>\n<p>Ideji vous propose un accompagnement dans le d\u00e9veloppement de votre projet associatif.<\/p>\n<p>Cet accompagnement se repartit sur la p\u00e9riode de f\u00e9vrier \u00e0 novembre 2025.<br \/> Il comprend des journ\u00e9es de formation qui se d\u00e9rouleront jusque juin et des heures de coaching \u00e0 repartir de commun accord avec les intervenant \u00b7e\u00b7s.<br \/> A cette fin, vous devrez \u00eatre disponibles pour 8 formations de 9h30 \u00e0 16h00 ainsi que pour des demi-journ\u00e9es collectives, l\u2019entr\u00e9e en formation ainsi que l\u2019\u00e9v\u00e8nement de cl\u00f4ture.<\/p>\n<p>Les formations et les s\u00e9ances de coaching aborderons des th\u00e9matiques essentielles \u00e0 la cr\u00e9ation et \u00e0 la gestion de votre association dans des domaines aussi vari\u00e9s que le juridique et l&rsquo;administratif, les finances et la comptabilit\u00e9, la recherche de financements,\u2026<\/p>\n<p>L\u2019accompagnement d\u2019ideji est pr\u00e9sent dans toutes les \u00e9tapes de la cr\u00e9ation en restant accessible au-del\u00e0 du module de formation par son service d\u2019assistance-conseils.<\/p>\n<p>Les temps collectifs et coaching se d\u00e9rouleront au sein des bureaux d\u2019ideji ASBL situ\u00e9s \u00e0 Rue au bois 11 \u00e0 1150 Woluwe-Saint-Pierre.<\/p>\n<p>[\/et_pb_toggle][et_pb_toggle title=\u00a0\u00bb5. Contacts et informations\u00a0\u00bb open_toggle_background_color=\u00a0\u00bb#FFFFFF\u00a0\u00bb closed_toggle_background_color=\u00a0\u00bb#FFFFFF\u00a0\u00bb _builder_version=\u00a0\u00bb4.8.2&Prime; _module_preset=\u00a0\u00bbdefault\u00a0\u00bb body_font=\u00a0\u00bb||||||||\u00a0\u00bb body_text_color=\u00a0\u00bb#000000&Prime; body_font_size=\u00a0\u00bb16px\u00a0\u00bb border_color_all=\u00a0\u00bb#000000&Prime; box_shadow_style=\u00a0\u00bbpreset4&Prime; box_shadow_color=\u00a0\u00bb#035D6D\u00a0\u00bb]<\/p>\n<p>Personnes de contact: Mesdames JADRAN Gul Pari et ALAMI Soumaya<\/p>\n<p>Num\u00e9ro de contact\u00a0: 02\/772.70.20<\/p>\n<p>Adresse postale\u00a0: Rue au bois 11, 1150 Woluwe-Saint-Pierre<\/p>\n<p>E-mail : <a href=\"mailto:assowomen@ideji.be\">assowomen@ideji.be<\/a><\/p>\n<p>[\/et_pb_toggle][\/et_pb_column][\/et_pb_row][et_pb_row _builder_version=\u00a0\u00bb4.8.2&Prime; _module_preset=\u00a0\u00bbdefault\u00a0\u00bb][et_pb_column type=\u00a0\u00bb4_4&Prime; _builder_version=\u00a0\u00bb4.8.2&Prime; _module_preset=\u00a0\u00bbdefault\u00a0\u00bb][et_pb_text _builder_version=\u00a0\u00bb4.8.2&Prime; _module_preset=\u00a0\u00bbdefault\u00a0\u00bb text_text_color=\u00a0\u00bb#000000&Prime; text_font_size=\u00a0\u00bb25px\u00a0\u00bb]Lire nos autres articles :[\/et_pb_text][et_pb_blog fullwidth=\u00a0\u00bboff\u00a0\u00bb posts_number=\u00a0\u00bb3&Prime; include_categories=\u00a0\u00bb1&Prime; show_more=\u00a0\u00bbon\u00a0\u00bb show_author=\u00a0\u00bboff\u00a0\u00bb _builder_version=\u00a0\u00bb4.8.2&Prime; _module_preset=\u00a0\u00bbdefault\u00a0\u00bb][\/et_pb_blog][\/et_pb_column][\/et_pb_row][\/et_pb_section]<\/p>\n","protected":false},"excerpt":{"rendered":"<p>[et_pb_section fb_built=\u00a0\u00bb1&Prime; _builder_version=\u00a0\u00bb4.8.2&Prime; _module_preset=\u00a0\u00bbdefault\u00a0\u00bb custom_padding=\u00a0\u00bb0px||17px||false|false\u00a0\u00bb][et_pb_row _builder_version=\u00a0\u00bb4.8.2&Prime; _module_preset=\u00a0\u00bbdefault\u00a0\u00bb custom_padding=\u00a0\u00bb||0px||false|false\u00a0\u00bb][et_pb_column type=\u00a0\u00bb4_4&Prime; _builder_version=\u00a0\u00bb4.8.2&Prime; _module_preset=\u00a0\u00bbdefault\u00a0\u00bb][et_pb_blurb title=\u00a0\u00bbASSOWOMEN\u00a0\u00bb icon_placement=\u00a0\u00bbleft\u00a0\u00bb image_max_width=\u00a0\u00bb49%\u00a0\u00bb content_max_width=\u00a0\u00bb1100px\u00a0\u00bb content_max_width_tablet=\u00a0\u00bb\u00a0\u00bb content_max_width_phone=\u00a0\u00bb303px\u00a0\u00bb content_max_width_last_edited=\u00a0\u00bbon|phone\u00a0\u00bb module_id=\u00a0\u00bbhaut\u00a0\u00bb _builder_version=\u00a0\u00bb4.8.2&Prime; _module_preset=\u00a0\u00bbdefault\u00a0\u00bb header_level=\u00a0\u00bbh1&Prime; header_text_align=\u00a0\u00bbcenter\u00a0\u00bb header_text_color=\u00a0\u00bb#035D6D\u00a0\u00bb header_font_size=\u00a0\u00bb32px\u00a0\u00bb body_text_align=\u00a0\u00bbcenter\u00a0\u00bb body_text_color=\u00a0\u00bb#000000&Prime; body_font_size=\u00a0\u00bb1px\u00a0\u00bb module_alignment=\u00a0\u00bbcenter\u00a0\u00bb custom_margin=\u00a0\u00bb||13px|||\u00a0\u00bb custom_padding=\u00a0\u00bb0px|0px|0px|0px|true|false\u00a0\u00bb header_font_size_tablet=\u00a0\u00bb\u00a0\u00bb header_font_size_phone=\u00a0\u00bb\u00a0\u00bb header_font_size_last_edited=\u00a0\u00bbon|desktop\u00a0\u00bb custom_css_blurb_title=\u00a0\u00bbmargin-top:3px\u00a0\u00bb][\/et_pb_blurb][et_pb_text _builder_version=\u00a0\u00bb4.8.2&Prime; _module_preset=\u00a0\u00bbdefault\u00a0\u00bb text_font_size=\u00a0\u00bb20px\u00a0\u00bb text_line_height=\u00a0\u00bb1.1em\u00a0\u00bb] THE NEW PROJECT [\/et_pb_text][et_pb_divider color=\u00a0\u00bb#F6A53E\u00a0\u00bb divider_weight=\u00a0\u00bb10px\u00a0\u00bb _builder_version=\u00a0\u00bb4.8.2&Prime; _module_preset=\u00a0\u00bbdefault\u00a0\u00bb custom_margin=\u00a0\u00bb||9px|||\u00a0\u00bb custom_padding=\u00a0\u00bb0px|||||\u00a0\u00bb][\/et_pb_divider][et_pb_code _builder_version=\u00a0\u00bb4.8.2&Prime; _module_preset=\u00a0\u00bbdefault\u00a0\u00bb] [\/et_pb_code][\/et_pb_column][\/et_pb_row][\/et_pb_section][et_pb_section fb_built=\u00a0\u00bb1&Prime; _builder_version=\u00a0\u00bb4.8.2&Prime; _module_preset=\u00a0\u00bbdefault\u00a0\u00bb [&hellip;]<\/p>\n","protected":false},"author":4,"featured_media":0,"comment_status":"closed","ping_status":"open","sticky":false,"template":"","format":"standard","meta":{"_et_pb_use_builder":"on","_et_pb_old_content":"","_et_gb_content_width":"1080","footnotes":""},"categories":[1],"tags":[],"class_list":["post-240467","post","type-post","status-publish","format-standard","hentry","category-actualites"],"_links":{"self":[{"href":"https:\/\/www.ideji.be\/asbl2021\/wp-json\/wp\/v2\/posts\/240467","targetHints":{"allow":["GET"]}}],"collection":[{"href":"https:\/\/www.ideji.be\/asbl2021\/wp-json\/wp\/v2\/posts"}],"about":[{"href":"https:\/\/www.ideji.be\/asbl2021\/wp-json\/wp\/v2\/types\/post"}],"author":[{"embeddable":true,"href":"https:\/\/www.ideji.be\/asbl2021\/wp-json\/wp\/v2\/users\/4"}],"replies":[{"embeddable":true,"href":"https:\/\/www.ideji.be\/asbl2021\/wp-json\/wp\/v2\/comments?post=240467"}],"version-history":[{"count":10,"href":"https:\/\/www.ideji.be\/asbl2021\/wp-json\/wp\/v2\/posts\/240467\/revisions"}],"predecessor-version":[{"id":240549,"href":"https:\/\/www.ideji.be\/asbl2021\/wp-json\/wp\/v2\/posts\/240467\/revisions\/240549"}],"wp:attachment":[{"href":"https:\/\/www.ideji.be\/asbl2021\/wp-json\/wp\/v2\/media?parent=240467"}],"wp:term":[{"taxonomy":"category","embeddable":true,"href":"https:\/\/www.ideji.be\/asbl2021\/wp-json\/wp\/v2\/categories?post=240467"},{"taxonomy":"post_tag","embeddable":true,"href":"https:\/\/www.ideji.be\/asbl2021\/wp-json\/wp\/v2\/tags?post=240467"}],"curies":[{"name":"wp","href":"https:\/\/api.w.org\/{rel}","templated":true}]}}