{"id":239798,"date":"2022-02-28T16:00:43","date_gmt":"2022-02-28T15:00:43","guid":{"rendered":"https:\/\/www.ideji.be\/asbl2021\/?p=239798"},"modified":"2025-03-04T10:44:33","modified_gmt":"2025-03-04T09:44:33","slug":"indexation-des-frais-de-publication-au-moniteur-belge","status":"publish","type":"post","link":"https:\/\/www.ideji.be\/asbl2021\/2022\/02\/28\/indexation-des-frais-de-publication-au-moniteur-belge\/","title":{"rendered":"Indexation des frais de publication au Moniteur belge"},"content":{"rendered":"<p>[et_pb_section fb_built=\u00a0\u00bb1&Prime; _builder_version=\u00a0\u00bb4.8.2&Prime; _module_preset=\u00a0\u00bbdefault\u00a0\u00bb custom_padding=\u00a0\u00bb0px||17px||false|false\u00a0\u00bb][et_pb_row _builder_version=\u00a0\u00bb4.8.2&Prime; _module_preset=\u00a0\u00bbdefault\u00a0\u00bb custom_padding=\u00a0\u00bb||0px||false|false\u00a0\u00bb][et_pb_column type=\u00a0\u00bb4_4&Prime; _builder_version=\u00a0\u00bb4.8.2&Prime; _module_preset=\u00a0\u00bbdefault\u00a0\u00bb][et_pb_blurb title=\u00a0\u00bbIndexation des frais de publication au Moniteur belge\u00a0\u00bb icon_placement=\u00a0\u00bbleft\u00a0\u00bb image_max_width=\u00a0\u00bb49%\u00a0\u00bb content_max_width=\u00a0\u00bb1100px\u00a0\u00bb content_max_width_tablet=\u00a0\u00bb\u00a0\u00bb content_max_width_phone=\u00a0\u00bb303px\u00a0\u00bb content_max_width_last_edited=\u00a0\u00bbon|phone\u00a0\u00bb module_id=\u00a0\u00bbhaut\u00a0\u00bb _builder_version=\u00a0\u00bb4.8.2&Prime; _module_preset=\u00a0\u00bbdefault\u00a0\u00bb header_level=\u00a0\u00bbh1&Prime; header_text_align=\u00a0\u00bbcenter\u00a0\u00bb header_text_color=\u00a0\u00bb#035D6D\u00a0\u00bb header_font_size=\u00a0\u00bb32px\u00a0\u00bb body_text_align=\u00a0\u00bbcenter\u00a0\u00bb body_text_color=\u00a0\u00bb#000000&Prime; body_font_size=\u00a0\u00bb1px\u00a0\u00bb module_alignment=\u00a0\u00bbcenter\u00a0\u00bb custom_margin=\u00a0\u00bb||13px|||\u00a0\u00bb custom_padding=\u00a0\u00bb0px|0px|0px|0px|true|false\u00a0\u00bb header_font_size_tablet=\u00a0\u00bb\u00a0\u00bb header_font_size_phone=\u00a0\u00bb\u00a0\u00bb header_font_size_last_edited=\u00a0\u00bbon|desktop\u00a0\u00bb custom_css_blurb_title=\u00a0\u00bbmargin-top:3px\u00a0\u00bb][\/et_pb_blurb][et_pb_text _builder_version=\u00a0\u00bb4.8.2&Prime; _module_preset=\u00a0\u00bbdefault\u00a0\u00bb text_font_size=\u00a0\u00bb20px\u00a0\u00bb text_line_height=\u00a0\u00bb1.1em\u00a0\u00bb][\/et_pb_text][et_pb_divider color=\u00a0\u00bb#F6A53E\u00a0\u00bb divider_weight=\u00a0\u00bb10px\u00a0\u00bb _builder_version=\u00a0\u00bb4.8.2&Prime; _module_preset=\u00a0\u00bbdefault\u00a0\u00bb custom_margin=\u00a0\u00bb||9px|||\u00a0\u00bb custom_padding=\u00a0\u00bb0px|||||\u00a0\u00bb][\/et_pb_divider][et_pb_code _builder_version=\u00a0\u00bb4.8.2&Prime; _module_preset=\u00a0\u00bbdefault\u00a0\u00bb]<\/p>\n<style><!-- [et_pb_line_break_holder] -->li {<!-- [et_pb_line_break_holder] -->margin-left: 20px;<!-- [et_pb_line_break_holder] -->}<!-- [et_pb_line_break_holder] -->  p { <!-- [et_pb_line_break_holder] -->  font-weight:400;}<!-- [et_pb_line_break_holder] --><\/style>\n<p><!-- [et_pb_line_break_holder] -->[\/et_pb_code][\/et_pb_column][\/et_pb_row][\/et_pb_section][et_pb_section fb_built=\u00a0\u00bb1&Prime; _builder_version=\u00a0\u00bb4.8.2&Prime; _module_preset=\u00a0\u00bbdefault\u00a0\u00bb custom_padding=\u00a0\u00bb0px||||false|false\u00a0\u00bb][et_pb_row column_structure=\u00a0\u00bb1_2,1_2&Prime; use_custom_gutter=\u00a0\u00bbon\u00a0\u00bb gutter_width=\u00a0\u00bb1&Prime; make_equal=\u00a0\u00bbon\u00a0\u00bb _builder_version=\u00a0\u00bb4.8.2&Prime; _module_preset=\u00a0\u00bbdefault\u00a0\u00bb custom_padding=\u00a0\u00bb0px||||false|false\u00a0\u00bb][et_pb_column type=\u00a0\u00bb1_2&Prime; _builder_version=\u00a0\u00bb4.8.2&Prime; _module_preset=\u00a0\u00bbdefault\u00a0\u00bb][et_pb_text _builder_version=\u00a0\u00bb4.8.2&Prime; _module_preset=\u00a0\u00bbdefault\u00a0\u00bb text_text_color=\u00a0\u00bb#000000&Prime; text_font_size=\u00a0\u00bb19px\u00a0\u00bb hover_enabled=\u00a0\u00bb0&Prime; sticky_enabled=\u00a0\u00bb0&Prime;]<\/p>\n<p>Lorsque vous avez des informations \u00e0 faire publier au Moniteur belge (cr\u00e9ation de votre ASBL, changement dans la composition de votre conseil d\u2019administration, nomination\/d\u00e9mission d\u2019un d\u00e9l\u00e9gu\u00e9, modifications statutaires, changement de si\u00e8ge social, &#8230;), vous devez d\u00e9poser votre preuve de paiement avec l\u2019ensemble de vos documents aupr\u00e8s de greffe du tribunal de l&rsquo;entreprise de votre arrondissement judiciaire.<\/p>\n<p>Comme chaque ann\u00e9e, le montant des frais de publication au Moniteur belge seront index\u00e9s au 1er mars.<\/p>\n<p>Ainsi, si vous comptiez effectuer un d\u00e9p\u00f4t prochainement, il est pr\u00e9f\u00e9rable de patienter avant d\u2019effectuer votre paiement afin de vous acquitter du montant adapt\u00e9.<br \/>\nPour ceux d\u2019entre vous qui auraient d\u00e9j\u00e0 effectu\u00e9 leur d\u00e9p\u00f4t les semaines pr\u00e9c\u00e9dentes et qui se verraient renvoyer leur dossier pour y apporter une correction, il faudra r\u00e9aliser un nouveau paiement. En effet, habituellement, votre preuve de paiement ant\u00e9rieure peut \u00eatre envoy\u00e9e de nouveau. Cependant, \u00e9tant donn\u00e9 l\u2019indexation des frais de publication, votre premier paiement ne sera plus valable. Par ailleurs, il n\u2019est pas possible de compl\u00e9ter le premier paiement.<\/p>\n<p>Que faire ?<\/p>\n<p>Il vous suffira de vous acquitter d\u2019un nouveau paiement au montant index\u00e9 et demander le remboursement du premier paiement aupr\u00e8s du Moniteur belge.<\/p>\n<p>Pour conna\u00eetre le nouveau montant ainsi que les informations \u00e0 renseigner lors du paiement, rendez-vous sur le site du Moniteur belge via&nbsp;<a href=\"https:\/\/www.ejustice.just.fgov.be\/tsv_pub\/tarif_f.htm\">ce lien.<\/a><\/p>\n<p>Vous retrouverez la liste des documents \u00e0 d\u00e9poser en vue de votre publication ainsi que les instructions relatives au nombre d&rsquo;exemplaires et signatures dans notre fiche intitul\u00e9e \u00ab Documents \u00e0 d\u00e9poser au greffe \u00bb en<a href=\"https:\/\/www.ideji.be\/asbl2021\/project\/documents-a-deposer-au-greffe-du-tribunal-du-commerce\/\">&nbsp;cliquant ici.&nbsp;<\/a><\/p>\n<p>Pour rappel, les greffes travaillent toujours \u00e0 guichet ferm\u00e9. Vous devez soit envoyer l\u2019ensemble de vos documents par courrier, soit les d\u00e9poser par vous-m\u00eame dans les boites aux lettres pr\u00e9vues \u00e0 cet effet.<\/p>\n<p>[\/et_pb_text][\/et_pb_column][et_pb_column type=\u00a0\u00bb1_2&Prime; _builder_version=\u00a0\u00bb4.8.2&Prime; _module_preset=\u00a0\u00bbdefault\u00a0\u00bb][et_pb_image src=\u00a0\u00bbhttps:\/\/www.ideji.be\/asbl2021\/wp-content\/uploads\/2021\/03\/actualite1.png\u00a0\u00bb title_text=\u00a0\u00bbactualit\u00e91&Prime; _builder_version=\u00a0\u00bb4.8.2&Prime; _module_preset=\u00a0\u00bbdefault\u00a0\u00bb custom_padding=\u00a0\u00bb|||0px||\u00a0\u00bb][\/et_pb_image][\/et_pb_column][\/et_pb_row][et_pb_row _builder_version=\u00a0\u00bb4.8.2&Prime; _module_preset=\u00a0\u00bbdefault\u00a0\u00bb custom_padding=\u00a0\u00bb0px||||false|false\u00a0\u00bb][et_pb_column type=\u00a0\u00bb4_4&Prime; _builder_version=\u00a0\u00bb4.8.2&Prime; _module_preset=\u00a0\u00bbdefault\u00a0\u00bb][et_pb_text _builder_version=\u00a0\u00bb4.8.2&Prime; _module_preset=\u00a0\u00bbdefault\u00a0\u00bb text_font=\u00a0\u00bb||||||||\u00a0\u00bb text_text_color=\u00a0\u00bb#000000&Prime; text_font_size=\u00a0\u00bb19px\u00a0\u00bb ul_font_size=\u00a0\u00bb19px\u00a0\u00bb][\/et_pb_text][\/et_pb_column][\/et_pb_row][et_pb_row _builder_version=\u00a0\u00bb4.8.2&Prime; _module_preset=\u00a0\u00bbdefault\u00a0\u00bb][et_pb_column type=\u00a0\u00bb4_4&Prime; _builder_version=\u00a0\u00bb4.8.2&Prime; _module_preset=\u00a0\u00bbdefault\u00a0\u00bb][et_pb_text _builder_version=\u00a0\u00bb4.8.2&Prime; _module_preset=\u00a0\u00bbdefault\u00a0\u00bb text_text_color=\u00a0\u00bb#000000&Prime; text_font_size=\u00a0\u00bb25px\u00a0\u00bb]<\/p>\n<p>Lire nos autres articles :<\/p>\n<p>[\/et_pb_text][et_pb_blog fullwidth=\u00a0\u00bboff\u00a0\u00bb include_categories=\u00a0\u00bb1&Prime; show_more=\u00a0\u00bbon\u00a0\u00bb show_author=\u00a0\u00bboff\u00a0\u00bb _builder_version=\u00a0\u00bb4.8.2&Prime; _module_preset=\u00a0\u00bbdefault\u00a0\u00bb][\/et_pb_blog][\/et_pb_column][\/et_pb_row][\/et_pb_section]<\/p>\n","protected":false},"excerpt":{"rendered":"<p>[et_pb_section fb_built=\u00a0\u00bb1&Prime; _builder_version=\u00a0\u00bb4.8.2&Prime; _module_preset=\u00a0\u00bbdefault\u00a0\u00bb custom_padding=\u00a0\u00bb0px||17px||false|false\u00a0\u00bb][et_pb_row _builder_version=\u00a0\u00bb4.8.2&Prime; _module_preset=\u00a0\u00bbdefault\u00a0\u00bb custom_padding=\u00a0\u00bb||0px||false|false\u00a0\u00bb][et_pb_column type=\u00a0\u00bb4_4&Prime; _builder_version=\u00a0\u00bb4.8.2&Prime; _module_preset=\u00a0\u00bbdefault\u00a0\u00bb][et_pb_blurb title=\u00a0\u00bbIndexation des frais de publication au Moniteur belge\u00a0\u00bb icon_placement=\u00a0\u00bbleft\u00a0\u00bb image_max_width=\u00a0\u00bb49%\u00a0\u00bb content_max_width=\u00a0\u00bb1100px\u00a0\u00bb content_max_width_tablet=\u00a0\u00bb\u00a0\u00bb content_max_width_phone=\u00a0\u00bb303px\u00a0\u00bb content_max_width_last_edited=\u00a0\u00bbon|phone\u00a0\u00bb module_id=\u00a0\u00bbhaut\u00a0\u00bb _builder_version=\u00a0\u00bb4.8.2&Prime; _module_preset=\u00a0\u00bbdefault\u00a0\u00bb header_level=\u00a0\u00bbh1&Prime; header_text_align=\u00a0\u00bbcenter\u00a0\u00bb header_text_color=\u00a0\u00bb#035D6D\u00a0\u00bb header_font_size=\u00a0\u00bb32px\u00a0\u00bb body_text_align=\u00a0\u00bbcenter\u00a0\u00bb body_text_color=\u00a0\u00bb#000000&Prime; body_font_size=\u00a0\u00bb1px\u00a0\u00bb module_alignment=\u00a0\u00bbcenter\u00a0\u00bb custom_margin=\u00a0\u00bb||13px|||\u00a0\u00bb custom_padding=\u00a0\u00bb0px|0px|0px|0px|true|false\u00a0\u00bb header_font_size_tablet=\u00a0\u00bb\u00a0\u00bb header_font_size_phone=\u00a0\u00bb\u00a0\u00bb header_font_size_last_edited=\u00a0\u00bbon|desktop\u00a0\u00bb custom_css_blurb_title=\u00a0\u00bbmargin-top:3px\u00a0\u00bb][\/et_pb_blurb][et_pb_text _builder_version=\u00a0\u00bb4.8.2&Prime; _module_preset=\u00a0\u00bbdefault\u00a0\u00bb text_font_size=\u00a0\u00bb20px\u00a0\u00bb text_line_height=\u00a0\u00bb1.1em\u00a0\u00bb][\/et_pb_text][et_pb_divider color=\u00a0\u00bb#F6A53E\u00a0\u00bb divider_weight=\u00a0\u00bb10px\u00a0\u00bb _builder_version=\u00a0\u00bb4.8.2&Prime; _module_preset=\u00a0\u00bbdefault\u00a0\u00bb custom_margin=\u00a0\u00bb||9px|||\u00a0\u00bb custom_padding=\u00a0\u00bb0px|||||\u00a0\u00bb][\/et_pb_divider][et_pb_code _builder_version=\u00a0\u00bb4.8.2&Prime; _module_preset=\u00a0\u00bbdefault\u00a0\u00bb] [\/et_pb_code][\/et_pb_column][\/et_pb_row][\/et_pb_section][et_pb_section [&hellip;]<\/p>\n","protected":false},"author":4,"featured_media":0,"comment_status":"closed","ping_status":"closed","sticky":false,"template":"","format":"standard","meta":{"_et_pb_use_builder":"on","_et_pb_old_content":"","_et_gb_content_width":"1080","footnotes":""},"categories":[1],"tags":[],"class_list":["post-239798","post","type-post","status-publish","format-standard","hentry","category-actualites"],"_links":{"self":[{"href":"https:\/\/www.ideji.be\/asbl2021\/wp-json\/wp\/v2\/posts\/239798","targetHints":{"allow":["GET"]}}],"collection":[{"href":"https:\/\/www.ideji.be\/asbl2021\/wp-json\/wp\/v2\/posts"}],"about":[{"href":"https:\/\/www.ideji.be\/asbl2021\/wp-json\/wp\/v2\/types\/post"}],"author":[{"embeddable":true,"href":"https:\/\/www.ideji.be\/asbl2021\/wp-json\/wp\/v2\/users\/4"}],"replies":[{"embeddable":true,"href":"https:\/\/www.ideji.be\/asbl2021\/wp-json\/wp\/v2\/comments?post=239798"}],"version-history":[{"count":7,"href":"https:\/\/www.ideji.be\/asbl2021\/wp-json\/wp\/v2\/posts\/239798\/revisions"}],"predecessor-version":[{"id":239870,"href":"https:\/\/www.ideji.be\/asbl2021\/wp-json\/wp\/v2\/posts\/239798\/revisions\/239870"}],"wp:attachment":[{"href":"https:\/\/www.ideji.be\/asbl2021\/wp-json\/wp\/v2\/media?parent=239798"}],"wp:term":[{"taxonomy":"category","embeddable":true,"href":"https:\/\/www.ideji.be\/asbl2021\/wp-json\/wp\/v2\/categories?post=239798"},{"taxonomy":"post_tag","embeddable":true,"href":"https:\/\/www.ideji.be\/asbl2021\/wp-json\/wp\/v2\/tags?post=239798"}],"curies":[{"name":"wp","href":"https:\/\/api.w.org\/{rel}","templated":true}]}}