{"id":238057,"date":"2021-03-04T20:42:15","date_gmt":"2021-03-04T19:42:15","guid":{"rendered":"http:\/\/www.ideji.be\/asbl2021\/?p=238057"},"modified":"2026-03-26T11:01:14","modified_gmt":"2026-03-26T10:01:14","slug":"etablir-la-comptabilite-simplifiee-de-votre-asbl","status":"publish","type":"post","link":"https:\/\/www.ideji.be\/asbl2021\/2021\/03\/04\/etablir-la-comptabilite-simplifiee-de-votre-asbl\/","title":{"rendered":"\u00c9tablir la comptabilit\u00e9 simplifi\u00e9e de votre ASBL"},"content":{"rendered":"<p>[et_pb_section fb_built=\u00a0\u00bb1&Prime; _builder_version=\u00a0\u00bb4.8.2&Prime; _module_preset=\u00a0\u00bbdefault\u00a0\u00bb max_width=\u00a0\u00bb100vw\u00a0\u00bb custom_padding=\u00a0\u00bb0px|||||\u00a0\u00bb][et_pb_row _builder_version=\u00a0\u00bb4.8.2&Prime; _module_preset=\u00a0\u00bbdefault\u00a0\u00bb custom_margin=\u00a0\u00bb42px||||false|false\u00a0\u00bb][et_pb_column type=\u00a0\u00bb4_4&Prime; _builder_version=\u00a0\u00bb4.8.2&Prime; _module_preset=\u00a0\u00bbdefault\u00a0\u00bb][et_pb_text _builder_version=\u00a0\u00bb4.8.2&Prime; _module_preset=\u00a0\u00bbdefault\u00a0\u00bb header_text_color=\u00a0\u00bb#035D6D\u00a0\u00bb custom_margin=\u00a0\u00bb||2em||false|false\u00a0\u00bb]<\/p>\n<h1 style=\"text-align: center;\"><span style=\"font-weight: 400;\">\u00c9tablir la comptabilit\u00e9 simplifi\u00e9e de votre ASBL\u00a0<\/span><\/h1>\n<p style=\"text-align: center;\"><span style=\"font-weight: 400;\">Outils comptables d\u2019une petite ASBL<\/span><\/p>\n<p>[\/et_pb_text][\/et_pb_column][\/et_pb_row][et_pb_row column_structure=\u00a0\u00bb2_3,1_3&Prime; _builder_version=\u00a0\u00bb4.8.2&Prime; _module_preset=\u00a0\u00bbdefault\u00a0\u00bb width=\u00a0\u00bb100%\u00a0\u00bb max_width=\u00a0\u00bb100%\u00a0\u00bb custom_padding=\u00a0\u00bb0px|||||\u00a0\u00bb][et_pb_column type=\u00a0\u00bb2_3&Prime; _builder_version=\u00a0\u00bb4.8.2&Prime; _module_preset=\u00a0\u00bbdefault\u00a0\u00bb][et_pb_text _builder_version=\u00a0\u00bb4.8.2&Prime; _module_preset=\u00a0\u00bbdefault\u00a0\u00bb text_font=\u00a0\u00bbRoboto|300|||||||\u00a0\u00bb text_font_size=\u00a0\u00bb19px\u00a0\u00bb custom_padding=\u00a0\u00bb||0px|||\u00a0\u00bb]<\/p>\n<p>En-dessous d\u2019une certaine taille, les ASBL peuvent tenir une comptabilit\u00e9 dite \u00ab\u00a0simplifi\u00e9e\u00a0\u00bb et d\u00e9poser leurs comptes au greffe du tribunal de l&rsquo;entreprise plut\u00f4t qu\u2019\u00e0 la Banque nationale de Belgique (BNB). Cette comptabilit\u00e9 simplifi\u00e9e est bas\u00e9e sur les mouvements de banque et prend la forme d\u2019une comptabilit\u00e9 de liquidit\u00e9s et d\u2019un \u00e9tat du patrimoine \u00e0 d\u00e9poser au greffe du tribunal de l&rsquo;entreprise. A l\u2019issue de cette formation, vous serez capable de pr\u00e9parer sous format Excel tous les documents n\u00e9cessaires \u00e0 l\u2019approbation annuelle des comptes, leur d\u00e9p\u00f4t au greffe du Tribunal de l&rsquo;entreprise et la pr\u00e9paration de la d\u00e9claration \u00e0 l\u2019imp\u00f4t des personnes morales (IPM).<\/p>\n<p>[\/et_pb_text][et_pb_tabs _builder_version=\u00a0\u00bb4.8.2&Prime; _module_preset=\u00a0\u00bbdefault\u00a0\u00bb][et_pb_tab title=\u00a0\u00bbProgramme\u00a0\u00bb _builder_version=\u00a0\u00bb4.8.2&Prime; _module_preset=\u00a0\u00bbdefault\u00a0\u00bb]<\/p>\n<ul>\n<li><span style=\"font-weight: 400;\"> Ma\u00eetriser un logiciel tableur afin d\u2019\u00e9tablir les comptes \u00ab\u00a0recettes et d\u00e9penses\u00a0\u00bb d\u2019une petite ASBL\u00a0<\/span><\/li>\n<li><span style=\"font-weight: 400;\"> Cr\u00e9er un tableau d\u2019amortissement d\u2019un bien\u00a0<\/span><\/li>\n<li><span style=\"font-weight: 400;\"> \u00c9tablir une comptabilit\u00e9 des liquidit\u00e9s (entr\u00e9es et sorties)\u00a0<\/span><\/li>\n<li><span style=\"font-weight: 400;\"> \u00c9tablir un \u00e9tat des d\u00e9penses et des recettes ainsi qu&rsquo;un \u00e9tat du patrimoine\u00a0<\/span><\/li>\n<li><span style=\"font-weight: 400;\"> Remplir les documents \u00e0 envoyer au greffe du tribunal de l&rsquo;entreprise et aux imp\u00f4ts<\/span><\/li>\n<\/ul>\n<p>[\/et_pb_tab][et_pb_tab title=\u00a0\u00bbPr\u00e9requis\u00a0\u00bb _builder_version=\u00a0\u00bb4.8.2&Prime; _module_preset=\u00a0\u00bbdefault\u00a0\u00bb]<\/p>\n<p><span style=\"font-weight: 400;\">Cette formation s\u2019adresse uniquement aux petites ASBL, c\u2019est-\u00e0-dire celles qui ne remplissent pas simultan\u00e9ment au moins deux des trois crit\u00e8res suivants :\u00a0<\/span><\/p>\n<ul>\n<li><span style=\"font-weight: 400;\"> Moyenne annuelle du nombre de travailleurs occup\u00e9s (en \u00e9quivalents temps plein) : 5\u00a0<\/span><\/li>\n<li><span style=\"font-weight: 400;\"> Total annuel des recettes, autres qu\u2019exceptionnelles (hors TVA) : 334 500 euros\u00a0<\/span><\/li>\n<li><span style=\"font-weight: 400;\"> Total du bilan : 1 337 000 euros<\/span><\/li>\n<\/ul>\n<p>[\/et_pb_tab][\/et_pb_tabs][et_pb_button button_url=\u00a0\u00bbhttps:\/\/www.ideji.be\/asbl2021\/sinscrire-a-une-formation\/\u00a0\u00bb url_new_window=\u00a0\u00bbon\u00a0\u00bb button_text=\u00a0\u00bbS&rsquo;inscrire\u00a0\u00bb button_alignment=\u00a0\u00bbcenter\u00a0\u00bb _builder_version=\u00a0\u00bb4.8.2&Prime; _module_preset=\u00a0\u00bbdefault\u00a0\u00bb custom_button=\u00a0\u00bbon\u00a0\u00bb button_text_size=\u00a0\u00bb30px\u00a0\u00bb button_text_color=\u00a0\u00bb#035D6D\u00a0\u00bb button_bg_color=\u00a0\u00bbRGBA(0,0,0,0)\u00a0\u00bb button_border_width=\u00a0\u00bb1px\u00a0\u00bb button_border_color=\u00a0\u00bb#035D6D\u00a0\u00bb button_icon=\u00a0\u00bb%%20%%\u00a0\u00bb][\/et_pb_button][\/et_pb_column][et_pb_column type=\u00a0\u00bb1_3&Prime; _builder_version=\u00a0\u00bb4.8.2&Prime; _module_preset=\u00a0\u00bbdefault\u00a0\u00bb][dsm_text_divider header=\u00a0\u00bbInfos pratiques\u00a0\u00bb color=\u00a0\u00bb#035D6D\u00a0\u00bb _builder_version=\u00a0\u00bb4.8.2&Prime; _module_preset=\u00a0\u00bbdefault\u00a0\u00bb][\/dsm_text_divider][et_pb_blurb title=\u00a0\u00bbDates\u00a0\u00bb use_icon=\u00a0\u00bbon\u00a0\u00bb font_icon=\u00a0\u00bb%%130%%\u00a0\u00bb icon_color=\u00a0\u00bb#035D6D\u00a0\u00bb icon_placement=\u00a0\u00bbleft\u00a0\u00bb _builder_version=\u00a0\u00bb4.8.2&Prime; _module_preset=\u00a0\u00bbdefault\u00a0\u00bb custom_margin=\u00a0\u00bb||-2px|||\u00a0\u00bb hover_enabled=\u00a0\u00bb0&Prime; sticky_enabled=\u00a0\u00bb0&Prime;]<\/p>\n<p>Une journ\u00e9e :<\/p>\n<ul>\n<li>14 avril 2026<\/li>\n<li>10 novembre 2026<\/li>\n<li style=\"list-style-type: none;\">\n<ul>\n<li style=\"list-style-type: none;\"><\/li>\n<\/ul>\n<\/li>\n<\/ul>\n<p>[\/et_pb_blurb][et_pb_blurb title=\u00a0\u00bbHeure\u00a0\u00bb use_icon=\u00a0\u00bbon\u00a0\u00bb font_icon=\u00a0\u00bb%%167%%\u00a0\u00bb icon_color=\u00a0\u00bb#035D6D\u00a0\u00bb icon_placement=\u00a0\u00bbleft\u00a0\u00bb _builder_version=\u00a0\u00bb4.8.2&Prime; _module_preset=\u00a0\u00bbdefault\u00a0\u00bb]De 9h30 \u00e0 16h00<\/p>\n<p>[\/et_pb_blurb][et_pb_blurb title=\u00a0\u00bbPrix\u00a0\u00bb use_icon=\u00a0\u00bbon\u00a0\u00bb font_icon=\u00a0\u00bb%%155%%\u00a0\u00bb icon_color=\u00a0\u00bb#035D6D\u00a0\u00bb icon_placement=\u00a0\u00bbleft\u00a0\u00bb _builder_version=\u00a0\u00bb4.8.2&Prime; _module_preset=\u00a0\u00bbdefault\u00a0\u00bb]<\/p>\n<p>PAF : 125\u20ac. Tarif r\u00e9duit*: 115\u20ac<\/p>\n<p>[\/et_pb_blurb][et_pb_blurb title=\u00a0\u00bbLieu\u00a0\u00bb use_icon=\u00a0\u00bbon\u00a0\u00bb font_icon=\u00a0\u00bb%%122%%\u00a0\u00bb icon_color=\u00a0\u00bb#035D6D\u00a0\u00bb icon_placement=\u00a0\u00bbleft\u00a0\u00bb _builder_version=\u00a0\u00bb4.8.2&Prime; _module_preset=\u00a0\u00bbdefault\u00a0\u00bb custom_css_blurb_title=\u00a0\u00bbmargin-top:7px;\u00a0\u00bb]Rue au Bois 11 &#8211; 1150 Bruxelles<\/p>\n<p>[\/et_pb_blurb][dsm_embed_google_map address=\u00a0\u00bbideji Rue au Bois 11 &#8211; 1150 Bruxelles\u00a0\u00bb zoom=\u00a0\u00bb15&Prime; _builder_version=\u00a0\u00bb4.8.2&Prime; _module_preset=\u00a0\u00bbdefault\u00a0\u00bb][\/dsm_embed_google_map][\/et_pb_column][\/et_pb_row][et_pb_row _builder_version=\u00a0\u00bb4.8.2&Prime; _module_preset=\u00a0\u00bbdefault\u00a0\u00bb custom_padding=\u00a0\u00bb0px||0px||true|false\u00a0\u00bb][et_pb_column type=\u00a0\u00bb4_4&Prime; _builder_version=\u00a0\u00bb4.8.2&Prime; _module_preset=\u00a0\u00bbdefault\u00a0\u00bb][et_pb_text _builder_version=\u00a0\u00bb4.8.2&Prime; _module_preset=\u00a0\u00bbdefault\u00a0\u00bb custom_padding=\u00a0\u00bb||0px|||\u00a0\u00bb]* Une r\u00e9duction de 10\u20ac est appliqu\u00e9e, sur demande, pour les chercheurs d\u2019emploi (moyennant une attestation d\u2019Actiris) et pour les \u00e9tudiants. Cette r\u00e9duction est \u00e9galement applicable pour la seconde inscription d\u2019une personne d\u2019une m\u00eame ASBL pour la m\u00eame formation.[\/et_pb_text][\/et_pb_column][\/et_pb_row][\/et_pb_section]<\/p>\n","protected":false},"excerpt":{"rendered":"<p>[et_pb_section fb_built=\u00a0\u00bb1&Prime; _builder_version=\u00a0\u00bb4.8.2&Prime; _module_preset=\u00a0\u00bbdefault\u00a0\u00bb max_width=\u00a0\u00bb100vw\u00a0\u00bb custom_padding=\u00a0\u00bb0px|||||\u00a0\u00bb][et_pb_row _builder_version=\u00a0\u00bb4.8.2&Prime; _module_preset=\u00a0\u00bbdefault\u00a0\u00bb custom_margin=\u00a0\u00bb42px||||false|false\u00a0\u00bb][et_pb_column type=\u00a0\u00bb4_4&Prime; _builder_version=\u00a0\u00bb4.8.2&Prime; _module_preset=\u00a0\u00bbdefault\u00a0\u00bb][et_pb_text _builder_version=\u00a0\u00bb4.8.2&Prime; _module_preset=\u00a0\u00bbdefault\u00a0\u00bb header_text_color=\u00a0\u00bb#035D6D\u00a0\u00bb custom_margin=\u00a0\u00bb||2em||false|false\u00a0\u00bb] \u00c9tablir la comptabilit\u00e9 simplifi\u00e9e de votre ASBL\u00a0 Outils comptables d\u2019une petite ASBL [\/et_pb_text][\/et_pb_column][\/et_pb_row][et_pb_row column_structure=\u00a0\u00bb2_3,1_3&Prime; _builder_version=\u00a0\u00bb4.8.2&Prime; _module_preset=\u00a0\u00bbdefault\u00a0\u00bb width=\u00a0\u00bb100%\u00a0\u00bb max_width=\u00a0\u00bb100%\u00a0\u00bb custom_padding=\u00a0\u00bb0px|||||\u00a0\u00bb][et_pb_column type=\u00a0\u00bb2_3&Prime; _builder_version=\u00a0\u00bb4.8.2&Prime; _module_preset=\u00a0\u00bbdefault\u00a0\u00bb][et_pb_text _builder_version=\u00a0\u00bb4.8.2&Prime; _module_preset=\u00a0\u00bbdefault\u00a0\u00bb text_font=\u00a0\u00bbRoboto|300|||||||\u00a0\u00bb text_font_size=\u00a0\u00bb19px\u00a0\u00bb custom_padding=\u00a0\u00bb||0px|||\u00a0\u00bb] En-dessous d\u2019une certaine taille, les ASBL peuvent tenir une comptabilit\u00e9 dite \u00ab\u00a0simplifi\u00e9e\u00a0\u00bb [&hellip;]<\/p>\n","protected":false},"author":1,"featured_media":0,"comment_status":"closed","ping_status":"closed","sticky":false,"template":"","format":"standard","meta":{"_et_pb_use_builder":"on","_et_pb_old_content":"","_et_gb_content_width":"1080","footnotes":""},"categories":[21],"tags":[],"class_list":["post-238057","post","type-post","status-publish","format-standard","hentry","category-comptabilite"],"_links":{"self":[{"href":"https:\/\/www.ideji.be\/asbl2021\/wp-json\/wp\/v2\/posts\/238057","targetHints":{"allow":["GET"]}}],"collection":[{"href":"https:\/\/www.ideji.be\/asbl2021\/wp-json\/wp\/v2\/posts"}],"about":[{"href":"https:\/\/www.ideji.be\/asbl2021\/wp-json\/wp\/v2\/types\/post"}],"author":[{"embeddable":true,"href":"https:\/\/www.ideji.be\/asbl2021\/wp-json\/wp\/v2\/users\/1"}],"replies":[{"embeddable":true,"href":"https:\/\/www.ideji.be\/asbl2021\/wp-json\/wp\/v2\/comments?post=238057"}],"version-history":[{"count":23,"href":"https:\/\/www.ideji.be\/asbl2021\/wp-json\/wp\/v2\/posts\/238057\/revisions"}],"predecessor-version":[{"id":240747,"href":"https:\/\/www.ideji.be\/asbl2021\/wp-json\/wp\/v2\/posts\/238057\/revisions\/240747"}],"wp:attachment":[{"href":"https:\/\/www.ideji.be\/asbl2021\/wp-json\/wp\/v2\/media?parent=238057"}],"wp:term":[{"taxonomy":"category","embeddable":true,"href":"https:\/\/www.ideji.be\/asbl2021\/wp-json\/wp\/v2\/categories?post=238057"},{"taxonomy":"post_tag","embeddable":true,"href":"https:\/\/www.ideji.be\/asbl2021\/wp-json\/wp\/v2\/tags?post=238057"}],"curies":[{"name":"wp","href":"https:\/\/api.w.org\/{rel}","templated":true}]}}