{"id":237851,"date":"2021-03-01T16:59:45","date_gmt":"2021-03-01T15:59:45","guid":{"rendered":"http:\/\/www.ideji.be\/asbl2021\/?p=237851"},"modified":"2025-11-24T15:22:30","modified_gmt":"2025-11-24T14:22:30","slug":"asbl-fonctionnement-et-obligations","status":"publish","type":"post","link":"https:\/\/www.ideji.be\/asbl2021\/2021\/03\/01\/asbl-fonctionnement-et-obligations\/","title":{"rendered":"ASBL : Fonctionnement et obligations"},"content":{"rendered":"<p>[et_pb_section fb_built=\u00a0\u00bb1&Prime; _builder_version=\u00a0\u00bb4.8.2&Prime; _module_preset=\u00a0\u00bbdefault\u00a0\u00bb max_width=\u00a0\u00bb100vw\u00a0\u00bb custom_padding=\u00a0\u00bb0px|||||\u00a0\u00bb][et_pb_row _builder_version=\u00a0\u00bb4.8.2&Prime; _module_preset=\u00a0\u00bbdefault\u00a0\u00bb custom_margin=\u00a0\u00bb42px||||false|false\u00a0\u00bb][et_pb_column type=\u00a0\u00bb4_4&Prime; _builder_version=\u00a0\u00bb4.8.2&Prime; _module_preset=\u00a0\u00bbdefault\u00a0\u00bb][et_pb_text _builder_version=\u00a0\u00bb4.8.2&Prime; _module_preset=\u00a0\u00bbdefault\u00a0\u00bb header_text_color=\u00a0\u00bb#035D6D\u00a0\u00bb custom_margin=\u00a0\u00bb||2em||false|false\u00a0\u00bb]<\/p>\n<h1 style=\"text-align: center;\">ASBL : Fonctionnement et obligations<\/h1>\n<h1 style=\"text-align: center;\"><span style=\"color: #666666; font-family: Roboto, Helvetica, Arial, Lucida, sans-serif;\"><span style=\"font-size: 14px;\">Tout ce que vous devez savoir pour d\u00e9marrer votre projet<\/span><\/span><\/h1>\n<p>[\/et_pb_text][\/et_pb_column][\/et_pb_row][et_pb_row column_structure=\u00a0\u00bb2_3,1_3&Prime; _builder_version=\u00a0\u00bb4.8.2&Prime; _module_preset=\u00a0\u00bbdefault\u00a0\u00bb width=\u00a0\u00bb100%\u00a0\u00bb max_width=\u00a0\u00bb100%\u00a0\u00bb custom_padding=\u00a0\u00bb0px|||||\u00a0\u00bb][et_pb_column type=\u00a0\u00bb2_3&Prime; _builder_version=\u00a0\u00bb4.8.2&Prime; _module_preset=\u00a0\u00bbdefault\u00a0\u00bb][et_pb_text _builder_version=\u00a0\u00bb4.8.2&Prime; _module_preset=\u00a0\u00bbdefault\u00a0\u00bb text_font=\u00a0\u00bbRoboto|300|||||||\u00a0\u00bb text_font_size=\u00a0\u00bb19px\u00a0\u00bb custom_padding=\u00a0\u00bb||0px|||\u00a0\u00bb]<\/p>\n<p>Vous souhaitez cr\u00e9er une ASBL pour mettre en place un projet qui vous tient \u00e0 c\u0153ur ? ideji organise une s\u00e9ance de deux heures \u00e0 l\u2019attention des porteurs de projets. Nous vous expliquons le fonctionnement de base et les obligations li\u00e9es \u00e0 une association<\/p>\n<p><strong>Programme :<\/strong><\/p>\n<ul>\n<li>\u00a0Qu&rsquo;est-ce qu&rsquo;une ASBL ?<\/li>\n<li>A quoi devez-vous r\u00e9fl\u00e9chir avant de vous lancer et de quoi avez-vous besoin ?<\/li>\n<li>\u00a0Comment fonctionnent ses diff\u00e9rents organes ?<\/li>\n<li>Pouvez-vous en \u00eatre administrateur et \u00eatre r\u00e9mun\u00e9r\u00e9 pour le travail que vous faites sur le terrain ?<\/li>\n<li>Quelles sont les obligations annuelles pour assurer une bonne gestion ?<\/li>\n<\/ul>\n<p>[\/et_pb_text][et_pb_button button_url=\u00a0\u00bbhttps:\/\/www.ideji.be\/asbl2021\/sinscrire-a-une-formation\/\u00a0\u00bb url_new_window=\u00a0\u00bbon\u00a0\u00bb button_text=\u00a0\u00bbS&rsquo;inscrire\u00a0\u00bb button_alignment=\u00a0\u00bbcenter\u00a0\u00bb _builder_version=\u00a0\u00bb4.8.2&Prime; _module_preset=\u00a0\u00bbdefault\u00a0\u00bb custom_button=\u00a0\u00bbon\u00a0\u00bb button_text_size=\u00a0\u00bb30px\u00a0\u00bb button_text_color=\u00a0\u00bb#035D6D\u00a0\u00bb button_bg_color=\u00a0\u00bbRGBA(0,0,0,0)\u00a0\u00bb button_border_width=\u00a0\u00bb1px\u00a0\u00bb button_border_color=\u00a0\u00bb#035D6D\u00a0\u00bb button_icon=\u00a0\u00bb%%20%%\u00a0\u00bb][\/et_pb_button][\/et_pb_column][et_pb_column type=\u00a0\u00bb1_3&Prime; _builder_version=\u00a0\u00bb4.8.2&Prime; _module_preset=\u00a0\u00bbdefault\u00a0\u00bb][dsm_text_divider header=\u00a0\u00bbInfos pratiques\u00a0\u00bb color=\u00a0\u00bb#035D6D\u00a0\u00bb _builder_version=\u00a0\u00bb4.8.2&Prime; _module_preset=\u00a0\u00bbdefault\u00a0\u00bb header_text_color=\u00a0\u00bb#000000&Prime;][\/dsm_text_divider][et_pb_blurb title=\u00a0\u00bbDates\u00a0\u00bb use_icon=\u00a0\u00bbon\u00a0\u00bb font_icon=\u00a0\u00bb%%130%%\u00a0\u00bb icon_color=\u00a0\u00bb#035D6D\u00a0\u00bb icon_placement=\u00a0\u00bbleft\u00a0\u00bb _builder_version=\u00a0\u00bb4.8.2&Prime; _module_preset=\u00a0\u00bbdefault\u00a0\u00bb hover_enabled=\u00a0\u00bb0&Prime; sticky_enabled=\u00a0\u00bb0&Prime;]<\/p>\n<ul>\n<li style=\"list-style-type: none;\">\n<ul>\n<li>`20 janvier 2026<\/li>\n<li>10 septembre 2026<\/li>\n<\/ul>\n<\/li>\n<\/ul>\n<p>[\/et_pb_blurb][et_pb_blurb title=\u00a0\u00bbHeure\u00a0\u00bb use_icon=\u00a0\u00bbon\u00a0\u00bb font_icon=\u00a0\u00bb%%167%%\u00a0\u00bb icon_color=\u00a0\u00bb#035D6D\u00a0\u00bb icon_placement=\u00a0\u00bbleft\u00a0\u00bb _builder_version=\u00a0\u00bb4.8.2&Prime; _module_preset=\u00a0\u00bbdefault\u00a0\u00bb]<\/p>\n<p>de 10h \u00e0 12h<\/p>\n<p>[\/et_pb_blurb][et_pb_blurb title=\u00a0\u00bbPrix\u00a0\u00bb use_icon=\u00a0\u00bbon\u00a0\u00bb font_icon=\u00a0\u00bb%%155%%\u00a0\u00bb icon_color=\u00a0\u00bb#035D6D\u00a0\u00bb icon_placement=\u00a0\u00bbleft\u00a0\u00bb _builder_version=\u00a0\u00bb4.8.2&Prime; _module_preset=\u00a0\u00bbdefault\u00a0\u00bb]<\/p>\n<p>PAF : 50 \u20ac<\/p>\n<p>[\/et_pb_blurb][et_pb_blurb title=\u00a0\u00bbLieu : Cette formation aura lieu en distanciel \u00a0\u00bb use_icon=\u00a0\u00bbon\u00a0\u00bb font_icon=\u00a0\u00bb%%122%%\u00a0\u00bb icon_color=\u00a0\u00bb#035D6D\u00a0\u00bb icon_placement=\u00a0\u00bbleft\u00a0\u00bb _builder_version=\u00a0\u00bb4.8.2&Prime; _module_preset=\u00a0\u00bbdefault\u00a0\u00bb custom_css_blurb_title=\u00a0\u00bbmargin-top:7px;\u00a0\u00bb][\/et_pb_blurb][dsm_embed_google_map address=\u00a0\u00bbIdeji ASBL\u00a0\u00bb zoom=\u00a0\u00bb14&Prime; _builder_version=\u00a0\u00bb4.8.2&Prime; _module_preset=\u00a0\u00bbdefault\u00a0\u00bb][\/dsm_embed_google_map][\/et_pb_column][\/et_pb_row][\/et_pb_section]<\/p>\n","protected":false},"excerpt":{"rendered":"<p>[et_pb_section fb_built=\u00a0\u00bb1&Prime; _builder_version=\u00a0\u00bb4.8.2&Prime; _module_preset=\u00a0\u00bbdefault\u00a0\u00bb max_width=\u00a0\u00bb100vw\u00a0\u00bb custom_padding=\u00a0\u00bb0px|||||\u00a0\u00bb][et_pb_row _builder_version=\u00a0\u00bb4.8.2&Prime; _module_preset=\u00a0\u00bbdefault\u00a0\u00bb custom_margin=\u00a0\u00bb42px||||false|false\u00a0\u00bb][et_pb_column type=\u00a0\u00bb4_4&Prime; _builder_version=\u00a0\u00bb4.8.2&Prime; _module_preset=\u00a0\u00bbdefault\u00a0\u00bb][et_pb_text _builder_version=\u00a0\u00bb4.8.2&Prime; _module_preset=\u00a0\u00bbdefault\u00a0\u00bb header_text_color=\u00a0\u00bb#035D6D\u00a0\u00bb custom_margin=\u00a0\u00bb||2em||false|false\u00a0\u00bb] ASBL : Fonctionnement et obligations Tout ce que vous devez savoir pour d\u00e9marrer votre projet [\/et_pb_text][\/et_pb_column][\/et_pb_row][et_pb_row column_structure=\u00a0\u00bb2_3,1_3&Prime; _builder_version=\u00a0\u00bb4.8.2&Prime; _module_preset=\u00a0\u00bbdefault\u00a0\u00bb width=\u00a0\u00bb100%\u00a0\u00bb max_width=\u00a0\u00bb100%\u00a0\u00bb custom_padding=\u00a0\u00bb0px|||||\u00a0\u00bb][et_pb_column type=\u00a0\u00bb2_3&Prime; _builder_version=\u00a0\u00bb4.8.2&Prime; _module_preset=\u00a0\u00bbdefault\u00a0\u00bb][et_pb_text _builder_version=\u00a0\u00bb4.8.2&Prime; _module_preset=\u00a0\u00bbdefault\u00a0\u00bb text_font=\u00a0\u00bbRoboto|300|||||||\u00a0\u00bb text_font_size=\u00a0\u00bb19px\u00a0\u00bb custom_padding=\u00a0\u00bb||0px|||\u00a0\u00bb] Vous souhaitez cr\u00e9er une ASBL pour mettre en place [&hellip;]<\/p>\n","protected":false},"author":1,"featured_media":0,"comment_status":"closed","ping_status":"closed","sticky":false,"template":"","format":"standard","meta":{"_et_pb_use_builder":"on","_et_pb_old_content":"","_et_gb_content_width":"1080","footnotes":""},"categories":[23],"tags":[],"class_list":["post-237851","post","type-post","status-publish","format-standard","hentry","category-juridique"],"_links":{"self":[{"href":"https:\/\/www.ideji.be\/asbl2021\/wp-json\/wp\/v2\/posts\/237851","targetHints":{"allow":["GET"]}}],"collection":[{"href":"https:\/\/www.ideji.be\/asbl2021\/wp-json\/wp\/v2\/posts"}],"about":[{"href":"https:\/\/www.ideji.be\/asbl2021\/wp-json\/wp\/v2\/types\/post"}],"author":[{"embeddable":true,"href":"https:\/\/www.ideji.be\/asbl2021\/wp-json\/wp\/v2\/users\/1"}],"replies":[{"embeddable":true,"href":"https:\/\/www.ideji.be\/asbl2021\/wp-json\/wp\/v2\/comments?post=237851"}],"version-history":[{"count":20,"href":"https:\/\/www.ideji.be\/asbl2021\/wp-json\/wp\/v2\/posts\/237851\/revisions"}],"predecessor-version":[{"id":240668,"href":"https:\/\/www.ideji.be\/asbl2021\/wp-json\/wp\/v2\/posts\/237851\/revisions\/240668"}],"wp:attachment":[{"href":"https:\/\/www.ideji.be\/asbl2021\/wp-json\/wp\/v2\/media?parent=237851"}],"wp:term":[{"taxonomy":"category","embeddable":true,"href":"https:\/\/www.ideji.be\/asbl2021\/wp-json\/wp\/v2\/categories?post=237851"},{"taxonomy":"post_tag","embeddable":true,"href":"https:\/\/www.ideji.be\/asbl2021\/wp-json\/wp\/v2\/tags?post=237851"}],"curies":[{"name":"wp","href":"https:\/\/api.w.org\/{rel}","templated":true}]}}